{"id":223,"date":"2012-03-21T10:13:15","date_gmt":"2012-03-21T10:13:15","guid":{"rendered":"http:\/\/www.zaspancki.si\/wp\/fotografije\/blog1\/velikononica-pulsatila-grandis\/"},"modified":"2012-03-21T10:13:15","modified_gmt":"2012-03-21T10:13:15","slug":"velikononica-pulsatila-grandis","status":"publish","type":"post","link":"http:\/\/www.zaspancki.si\/wp\/blog1\/velikononica-pulsatila-grandis\/","title":{"rendered":"Velikono\u010dnica &#8211; Pullsatila Grandis"},"content":{"rendered":"<p style=\"text-align: justify;\">\u00a0<\/p>\n<p style=\"text-align: justify;\">Zopet je bilo krasno jutro.\u00a0 So me zadnji\u010d v dru\u0161tvu &#8220;sprovocirali&#8221;, da sem \u0161la tudi letos pogledat velikono\u010dnice, \u010deprav imam njihovih fotk na kupe.\u00a0 Bila sem pre-pozna ali pa je le kriva su\u0161a &#8211; ni jih veliko pa \u0161e tisto kar je, je precej spufano in suho.\u00a0 No, z malo truda se kljub temu najde kak\u0161en lep zorni kot.<\/p>\n<p>Takole izgleda letos:<\/p>\n<p><img fetchpriority=\"high\" decoding=\"async\" class=\" size-full wp-image-220\" alt=\"alt\" src=\"http:\/\/www.zaspancki.si\/wp\/wp-content\/uploads\/2012\/03\/img_0205mm.jpg\" width=\"640\" height=\"427\" srcset=\"http:\/\/www.zaspancki.si\/wp\/wp-content\/uploads\/2012\/03\/img_0205mm.jpg 640w, http:\/\/www.zaspancki.si\/wp\/wp-content\/uploads\/2012\/03\/img_0205mm-600x400.jpg 600w, http:\/\/www.zaspancki.si\/wp\/wp-content\/uploads\/2012\/03\/img_0205mm-300x200.jpg 300w\" sizes=\"(max-width: 640px) 100vw, 640px\" \/><\/p>\n<p><img decoding=\"async\" class=\" size-full wp-image-221\" alt=\"alt\" src=\"http:\/\/www.zaspancki.si\/wp\/wp-content\/uploads\/2012\/03\/img_0211mm.jpg\" width=\"640\" height=\"436\" srcset=\"http:\/\/www.zaspancki.si\/wp\/wp-content\/uploads\/2012\/03\/img_0211mm.jpg 640w, http:\/\/www.zaspancki.si\/wp\/wp-content\/uploads\/2012\/03\/img_0211mm-600x409.jpg 600w, http:\/\/www.zaspancki.si\/wp\/wp-content\/uploads\/2012\/03\/img_0211mm-300x204.jpg 300w\" sizes=\"(max-width: 640px) 100vw, 640px\" \/><\/p>\n<p>takole pa je bilo lani:<\/p>\n<p><img decoding=\"async\" class=\" size-full wp-image-222\" alt=\"alt\" src=\"http:\/\/www.zaspancki.si\/wp\/wp-content\/uploads\/2012\/03\/mg_7543mm.jpg\" width=\"640\" height=\"410\" srcset=\"http:\/\/www.zaspancki.si\/wp\/wp-content\/uploads\/2012\/03\/mg_7543mm.jpg 640w, http:\/\/www.zaspancki.si\/wp\/wp-content\/uploads\/2012\/03\/mg_7543mm-600x384.jpg 600w, http:\/\/www.zaspancki.si\/wp\/wp-content\/uploads\/2012\/03\/mg_7543mm-300x192.jpg 300w\" sizes=\"(max-width: 640px) 100vw, 640px\" \/><\/p>\n<p style=\"text-align: justify;\">Sicer pa mi je dru\u0161tveni kolega <span style=\"color: #993366;\"><a href=\"http:\/\/robert-gajsek.si\/velikonocnica-2012\/\" target=\"_blank\"><span style=\"color: #993366;\">Robert Gaj\u0161ek<\/span><\/a><\/span> poslal en lep link, na katerem si lahko preberete legendo, kako je velikono\u010dnica sploh pri\u0161la v te kraje. Sama sem prvi\u010d sli\u0161ala zanjo.<\/p>\n<p>\u00a0<\/p>\n","protected":false},"excerpt":{"rendered":"<p>\u00a0 Zopet je bilo krasno jutro.\u00a0 So me zadnji\u010d v dru\u0161tvu &#8220;sprovocirali&#8221;, da sem \u0161la tudi letos pogledat velikono\u010dnice, \u010deprav imam njihovih fotk na kupe.\u00a0 Bila sem pre-pozna ali pa je le kriva su\u0161a &#8211; ni jih veliko pa \u0161e tisto kar je, je precej spufano in suho.\u00a0 No, z malo truda se kljub temu najde kak\u0161en lep zorni kot. Takole izgleda letos: takole pa je bilo lani: Sicer pa mi je dru\u0161tveni kolega Robert Gaj\u0161ek poslal en lep link, na katerem si lahko preberete legendo, kako je velikono\u010dnica sploh pri\u0161la v te kraje. Sama sem prvi\u010d sli\u0161ala zanjo. \u00a0<\/p>\n","protected":false},"author":1,"featured_media":219,"comment_status":"open","ping_status":"open","sticky":false,"template":"","format":"standard","meta":{"footnotes":""},"categories":[14],"tags":[],"class_list":["post-223","post","type-post","status-publish","format-standard","has-post-thumbnail","hentry","category-blog1"],"jetpack_featured_media_url":"http:\/\/www.zaspancki.si\/wp\/wp-content\/uploads\/2012\/03\/img_0205mm.jpg","acf":[],"_links":{"self":[{"href":"http:\/\/www.zaspancki.si\/wp\/wp-json\/wp\/v2\/posts\/223","targetHints":{"allow":["GET"]}}],"collection":[{"href":"http:\/\/www.zaspancki.si\/wp\/wp-json\/wp\/v2\/posts"}],"about":[{"href":"http:\/\/www.zaspancki.si\/wp\/wp-json\/wp\/v2\/types\/post"}],"author":[{"embeddable":true,"href":"http:\/\/www.zaspancki.si\/wp\/wp-json\/wp\/v2\/users\/1"}],"replies":[{"embeddable":true,"href":"http:\/\/www.zaspancki.si\/wp\/wp-json\/wp\/v2\/comments?post=223"}],"version-history":[{"count":0,"href":"http:\/\/www.zaspancki.si\/wp\/wp-json\/wp\/v2\/posts\/223\/revisions"}],"wp:featuredmedia":[{"embeddable":true,"href":"http:\/\/www.zaspancki.si\/wp\/wp-json\/wp\/v2\/media\/219"}],"wp:attachment":[{"href":"http:\/\/www.zaspancki.si\/wp\/wp-json\/wp\/v2\/media?parent=223"}],"wp:term":[{"taxonomy":"category","embeddable":true,"href":"http:\/\/www.zaspancki.si\/wp\/wp-json\/wp\/v2\/categories?post=223"},{"taxonomy":"post_tag","embeddable":true,"href":"http:\/\/www.zaspancki.si\/wp\/wp-json\/wp\/v2\/tags?post=223"}],"curies":[{"name":"wp","href":"https:\/\/api.w.org\/{rel}","templated":true}]}}