{"id":2668,"date":"2016-05-25T05:21:34","date_gmt":"2016-05-25T05:21:34","guid":{"rendered":"http:\/\/www.zaspancki.si\/wp\/zaspanki\/blog\/moja-druga-podcrtanka\/"},"modified":"2016-05-25T05:21:34","modified_gmt":"2016-05-25T05:21:34","slug":"moja-druga-podcrtanka","status":"publish","type":"post","link":"http:\/\/www.zaspancki.si\/wp\/blog\/moja-druga-podcrtanka\/","title":{"rendered":"Moja druga pod\u010drtanka"},"content":{"rendered":"<p style=\"text-align: justify;\"> \tSkoraj ne morem verjet &#8211; &quot;moja po&scaron;ast&quot; je postala \u017ee druga pod\u010drtanka na portalu Pesem.si. Pa sem prav razmi&scaron;ljala ali jo naj sploh umestim v pesni&scaron;ko zbirko <a href=\"http:\/\/zaspancki.si\/index.php\/hart\" target=\"_blank\"><span style=\"color: rgb(255, 165, 0);\">Zaspan\u010dki &#8211; zakaj se ti ni treba bati teme<\/span><\/a>, ker nisem vedela kako bo sprejeta. No, po komentarjih, ki sem jih prejela od objave sem, je v&scaron;e\u010d tako velikim kot malim \ud83d\ude42<\/p>\n<p> \t<a href=\"http:\/\/www.pesem.si\/a\/objava\/prikaz\/113353\/kako_posast_postane_varuska\" target=\"_blank\">http:\/\/www.pesem.si\/a\/objava\/prikaz\/113353\/kako_posast_postane_varuska<\/a><\/p>\n<p> \t<a href=\"http:\/\/www.pesem.si\/a\/objava\/prikaz\/40035\/kriteriji_uredniskega_izbora\">http:\/\/www.pesem.si\/a\/objava\/prikaz\/40035\/kriteriji_uredniskega_izbora<\/a><\/p>\n<p> \t<img fetchpriority=\"high\" decoding=\"async\" class=\" size-full wp-image-2667\" alt=\"\" src=\"http:\/\/www.zaspancki.si\/wp\/wp-content\/uploads\/2016\/05\/Poast_varuka_mm.jpg\" style=\"width: 800px; height: 524px;\" width=\"800\" height=\"524\" srcset=\"http:\/\/www.zaspancki.si\/wp\/wp-content\/uploads\/2016\/05\/Poast_varuka_mm.jpg 800w, http:\/\/www.zaspancki.si\/wp\/wp-content\/uploads\/2016\/05\/Poast_varuka_mm-600x393.jpg 600w, http:\/\/www.zaspancki.si\/wp\/wp-content\/uploads\/2016\/05\/Poast_varuka_mm-300x197.jpg 300w, http:\/\/www.zaspancki.si\/wp\/wp-content\/uploads\/2016\/05\/Poast_varuka_mm-768x503.jpg 768w\" sizes=\"(max-width: 800px) 100vw, 800px\" \/><\/p>\n","protected":false},"excerpt":{"rendered":"<p>Skoraj ne morem verjet &#8211; &quot;moja po&scaron;ast&quot; je postala \u017ee druga pod\u010drtanka na portalu Pesem.si. Pa sem prav razmi&scaron;ljala ali jo naj sploh umestim v pesni&scaron;ko zbirko Zaspan\u010dki &#8211; zakaj se ti ni treba bati teme, ker nisem vedela kako bo sprejeta. No, po komentarjih, ki sem jih prejela od objave sem, je v&scaron;e\u010d tako velikim kot malim \ud83d\ude42 http:\/\/www.pesem.si\/a\/objava\/prikaz\/113353\/kako_posast_postane_varuska http:\/\/www.pesem.si\/a\/objava\/prikaz\/40035\/kriteriji_uredniskega_izbora<\/p>\n","protected":false},"author":1,"featured_media":2667,"comment_status":"open","ping_status":"open","sticky":false,"template":"","format":"standard","meta":{"footnotes":""},"categories":[13],"tags":[],"class_list":["post-2668","post","type-post","status-publish","format-standard","has-post-thumbnail","hentry","category-blog"],"jetpack_featured_media_url":"http:\/\/www.zaspancki.si\/wp\/wp-content\/uploads\/2016\/05\/Poast_varuka_mm.jpg","acf":[],"_links":{"self":[{"href":"http:\/\/www.zaspancki.si\/wp\/wp-json\/wp\/v2\/posts\/2668","targetHints":{"allow":["GET"]}}],"collection":[{"href":"http:\/\/www.zaspancki.si\/wp\/wp-json\/wp\/v2\/posts"}],"about":[{"href":"http:\/\/www.zaspancki.si\/wp\/wp-json\/wp\/v2\/types\/post"}],"author":[{"embeddable":true,"href":"http:\/\/www.zaspancki.si\/wp\/wp-json\/wp\/v2\/users\/1"}],"replies":[{"embeddable":true,"href":"http:\/\/www.zaspancki.si\/wp\/wp-json\/wp\/v2\/comments?post=2668"}],"version-history":[{"count":0,"href":"http:\/\/www.zaspancki.si\/wp\/wp-json\/wp\/v2\/posts\/2668\/revisions"}],"wp:featuredmedia":[{"embeddable":true,"href":"http:\/\/www.zaspancki.si\/wp\/wp-json\/wp\/v2\/media\/2667"}],"wp:attachment":[{"href":"http:\/\/www.zaspancki.si\/wp\/wp-json\/wp\/v2\/media?parent=2668"}],"wp:term":[{"taxonomy":"category","embeddable":true,"href":"http:\/\/www.zaspancki.si\/wp\/wp-json\/wp\/v2\/categories?post=2668"},{"taxonomy":"post_tag","embeddable":true,"href":"http:\/\/www.zaspancki.si\/wp\/wp-json\/wp\/v2\/tags?post=2668"}],"curies":[{"name":"wp","href":"https:\/\/api.w.org\/{rel}","templated":true}]}}