{"id":313,"date":"2012-05-31T13:20:05","date_gmt":"2012-05-31T13:20:05","guid":{"rendered":"http:\/\/www.zaspancki.si\/wp\/fotografije\/blog1\/pa-sem-jo-videla\/"},"modified":"2020-09-06T17:28:47","modified_gmt":"2020-09-06T15:28:47","slug":"pa-sem-jo-videla","status":"publish","type":"post","link":"http:\/\/www.zaspancki.si\/wp\/blog1\/pa-sem-jo-videla\/","title":{"rendered":"Pa sem jo videla"},"content":{"rendered":"<p style=\"text-align: justify;\">Tako, pa sem jo videla! In moram vam re\u010di, da me je impresionirala mnogo&#8230; neprimerno bolj, kot npr. Mona Lisa, ki bi naj bila oh in sploh.\u00a0 Kaj pa vem. Jaz ne dam veliko na kritike in nekako mi ni usojen \u010dredni nagon. Ali mi je v\u0161e\u010d ali pa mi ni. In pri tem mi je \u010disto vseeno kdo je avtor, kak\u0161ne so kritike in ali je v trendu ali pa je bilo pred sto leti.<\/p>\n<div style=\"text-align: justify;\">Toplo vam priporo\u010dam ogled razstavljenih fotografij Steva McCurrya &#8211; \u017eive legende, ki obo\u017euje barve, potovanja, ljudi&#8230; Fotografije so fenomenalne, popolne, dih-jemajo\u010de. Moram pa re\u010di, da so najbolj poznano fotografijo razstavljalci na Ljubljanskem gradu, postavili v precej temen prostor &#8211; sicer lo\u010den in namenjen samo njej, ampak osvetlitev jim enostavno ne \u0161tima. Fotografiranje je seveda prepovedano, tako, da sem si tudi zaradi tega, \u0161e bolj pa iz spo\u0161tovanja do avtorja, privo\u0161\u010dila le hitro fotko s telefonom.\u00a0 Cena ogleda je zasoljenih 10\u20ac, pa vendar bi jih danes dala \u0161e enkrat.<br \/>\n(photo by DavidBrusnjak)<\/div>\n<div style=\"text-align: justify;\">p.s. Da nima vmes prste tudi photo shop, me pa le ni prepri\u010dal.<br \/>\n<img fetchpriority=\"high\" decoding=\"async\" class=\" size-full wp-image-310\" src=\"http:\/\/www.zaspancki.si\/wp\/wp-content\/uploads\/2012\/05\/img_4185a.jpg\" alt=\"alt\" width=\"640\" height=\"427\" srcset=\"http:\/\/www.zaspancki.si\/wp\/wp-content\/uploads\/2012\/05\/img_4185a.jpg 640w, http:\/\/www.zaspancki.si\/wp\/wp-content\/uploads\/2012\/05\/img_4185a-600x400.jpg 600w, http:\/\/www.zaspancki.si\/wp\/wp-content\/uploads\/2012\/05\/img_4185a-300x200.jpg 300w\" sizes=\"(max-width: 640px) 100vw, 640px\" \/><img decoding=\"async\" class=\" size-full wp-image-311\" src=\"http:\/\/www.zaspancki.si\/wp\/wp-content\/uploads\/2012\/05\/stevem.jpg\" alt=\"alt\" width=\"512\" height=\"384\" srcset=\"http:\/\/www.zaspancki.si\/wp\/wp-content\/uploads\/2012\/05\/stevem.jpg 512w, http:\/\/www.zaspancki.si\/wp\/wp-content\/uploads\/2012\/05\/stevem-300x225.jpg 300w\" sizes=\"(max-width: 512px) 100vw, 512px\" \/><img decoding=\"async\" class=\" size-full wp-image-312\" src=\"http:\/\/www.zaspancki.si\/wp\/wp-content\/uploads\/2012\/05\/img_4346amm.jpg\" alt=\"alt\" width=\"320\" height=\"480\" srcset=\"http:\/\/www.zaspancki.si\/wp\/wp-content\/uploads\/2012\/05\/img_4346amm.jpg 320w, http:\/\/www.zaspancki.si\/wp\/wp-content\/uploads\/2012\/05\/img_4346amm-200x300.jpg 200w\" sizes=\"(max-width: 320px) 100vw, 320px\" \/><br \/>\nZadnji dve sta moji &#8211; gre pa\u010d za fotografijo fotografije in ni, da bi se \u010dlovek hvalil s tem.<\/div>\n","protected":false},"excerpt":{"rendered":"<p>Tako, pa sem jo videla! In moram vam re\u010di, da me je impresionirala mnogo&#8230; neprimerno bolj, kot npr. Mona Lisa, ki bi naj bila oh in sploh.\u00a0 Kaj pa vem. Jaz ne dam veliko na kritike in nekako mi ni usojen \u010dredni nagon. Ali mi je v\u0161e\u010d ali pa mi ni. In pri tem mi je \u010disto vseeno kdo je avtor, kak\u0161ne so kritike in ali je v trendu ali pa je bilo pred sto leti. Toplo vam priporo\u010dam ogled razstavljenih fotografij Steva McCurrya &#8211; \u017eive legende, ki obo\u017euje barve, potovanja, ljudi&#8230; Fotografije so fenomenalne, popolne, dih-jemajo\u010de. Moram pa re\u010di, da so najbolj poznano fotografijo razstavljalci na Ljubljanskem gradu, postavili v precej temen prostor &#8211; sicer lo\u010den in namenjen samo njej, ampak osvetlitev jim enostavno ne \u0161tima. Fotografiranje je seveda prepovedano, tako, da sem si tudi zaradi tega, \u0161e bolj pa iz spo\u0161tovanja do avtorja, privo\u0161\u010dila le hitro fotko s telefonom.\u00a0 Cena ogleda je zasoljenih 10\u20ac, pa vendar bi jih danes dala \u0161e enkrat. (photo by DavidBrusnjak) p.s. Da nima vmes prste tudi photo shop, me pa le ni prepri\u010dal. Zadnji dve sta moji &#8211; gre pa\u010d za fotografijo fotografije in ni, da bi se \u010dlovek hvalil s tem.<\/p>\n","protected":false},"author":1,"featured_media":309,"comment_status":"open","ping_status":"open","sticky":false,"template":"","format":"standard","meta":{"footnotes":""},"categories":[14],"tags":[],"class_list":["post-313","post","type-post","status-publish","format-standard","has-post-thumbnail","hentry","category-blog1"],"jetpack_featured_media_url":"http:\/\/www.zaspancki.si\/wp\/wp-content\/uploads\/2012\/05\/img_4185a.jpg","acf":[],"_links":{"self":[{"href":"http:\/\/www.zaspancki.si\/wp\/wp-json\/wp\/v2\/posts\/313","targetHints":{"allow":["GET"]}}],"collection":[{"href":"http:\/\/www.zaspancki.si\/wp\/wp-json\/wp\/v2\/posts"}],"about":[{"href":"http:\/\/www.zaspancki.si\/wp\/wp-json\/wp\/v2\/types\/post"}],"author":[{"embeddable":true,"href":"http:\/\/www.zaspancki.si\/wp\/wp-json\/wp\/v2\/users\/1"}],"replies":[{"embeddable":true,"href":"http:\/\/www.zaspancki.si\/wp\/wp-json\/wp\/v2\/comments?post=313"}],"version-history":[{"count":1,"href":"http:\/\/www.zaspancki.si\/wp\/wp-json\/wp\/v2\/posts\/313\/revisions"}],"predecessor-version":[{"id":5154,"href":"http:\/\/www.zaspancki.si\/wp\/wp-json\/wp\/v2\/posts\/313\/revisions\/5154"}],"wp:featuredmedia":[{"embeddable":true,"href":"http:\/\/www.zaspancki.si\/wp\/wp-json\/wp\/v2\/media\/309"}],"wp:attachment":[{"href":"http:\/\/www.zaspancki.si\/wp\/wp-json\/wp\/v2\/media?parent=313"}],"wp:term":[{"taxonomy":"category","embeddable":true,"href":"http:\/\/www.zaspancki.si\/wp\/wp-json\/wp\/v2\/categories?post=313"},{"taxonomy":"post_tag","embeddable":true,"href":"http:\/\/www.zaspancki.si\/wp\/wp-json\/wp\/v2\/tags?post=313"}],"curies":[{"name":"wp","href":"https:\/\/api.w.org\/{rel}","templated":true}]}}