{"id":504,"date":"2012-11-08T14:27:11","date_gmt":"2012-11-08T14:27:11","guid":{"rendered":"http:\/\/www.zaspancki.si\/wp\/fotografije\/blog1\/ne-morem-pomagat\/"},"modified":"2012-11-08T14:27:11","modified_gmt":"2012-11-08T14:27:11","slug":"ne-morem-pomagat","status":"publish","type":"post","link":"http:\/\/www.zaspancki.si\/wp\/blog1\/ne-morem-pomagat\/","title":{"rendered":"Ne morem pomagat"},"content":{"rendered":"<p style=\"text-align: justify;\"><span style=\"color: #ff6600;\">&#8230; ampak te nore barve me vedno znova posrkajo vase. V\u010deraj sem pre\u017edela 12 ur v pisarni in ko sem imela \u017ee skoraj \u0161tirioglate o\u010di, me je ve\u010der potola\u017eil s temle razgledom skozi okno. A ni noro? Brez PS, da se razumemo. Prav ne-zemeljsko mi je delovalo.<\/span><br \/><span style=\"color: #ff6600;\">Nekaj lepih barv pa se najde tudi v mojem \u0161opku na jedilni mizi. Za nekaj \u010dasa ga je obsijal son\u010dni \u017earek. Se opro\u0161\u010dam za dolgo\u010dasen motiv ampak sem ga morala \u0161kljocniti.<\/span><br \/><img fetchpriority=\"high\" decoding=\"async\" class=\" size-full wp-image-502\" alt=\"IMG 0460mm\" src=\"http:\/\/www.zaspancki.si\/wp\/wp-content\/uploads\/2012\/11\/IMG_0460mm.jpg\" width=\"640\" height=\"427\" srcset=\"http:\/\/www.zaspancki.si\/wp\/wp-content\/uploads\/2012\/11\/IMG_0460mm.jpg 640w, http:\/\/www.zaspancki.si\/wp\/wp-content\/uploads\/2012\/11\/IMG_0460mm-600x400.jpg 600w, http:\/\/www.zaspancki.si\/wp\/wp-content\/uploads\/2012\/11\/IMG_0460mm-300x200.jpg 300w\" sizes=\"(max-width: 640px) 100vw, 640px\" \/><br \/><img decoding=\"async\" class=\" size-full wp-image-503\" alt=\"IMG 0483mm\" src=\"http:\/\/www.zaspancki.si\/wp\/wp-content\/uploads\/2012\/11\/IMG_0483mm.jpg\" width=\"640\" height=\"427\" srcset=\"http:\/\/www.zaspancki.si\/wp\/wp-content\/uploads\/2012\/11\/IMG_0483mm.jpg 640w, http:\/\/www.zaspancki.si\/wp\/wp-content\/uploads\/2012\/11\/IMG_0483mm-600x400.jpg 600w, http:\/\/www.zaspancki.si\/wp\/wp-content\/uploads\/2012\/11\/IMG_0483mm-300x200.jpg 300w\" sizes=\"(max-width: 640px) 100vw, 640px\" \/><\/p>\n","protected":false},"excerpt":{"rendered":"<p>&#8230; ampak te nore barve me vedno znova posrkajo vase. V\u010deraj sem pre\u017edela 12 ur v pisarni in ko sem imela \u017ee skoraj \u0161tirioglate o\u010di, me je ve\u010der potola\u017eil s temle razgledom skozi okno. A ni noro? Brez PS, da se razumemo. Prav ne-zemeljsko mi je delovalo.Nekaj lepih barv pa se najde tudi v mojem \u0161opku na jedilni mizi. Za nekaj \u010dasa ga je obsijal son\u010dni \u017earek. Se opro\u0161\u010dam za dolgo\u010dasen motiv ampak sem ga morala \u0161kljocniti.<\/p>\n","protected":false},"author":1,"featured_media":502,"comment_status":"open","ping_status":"open","sticky":false,"template":"","format":"standard","meta":{"footnotes":""},"categories":[14],"tags":[],"class_list":["post-504","post","type-post","status-publish","format-standard","has-post-thumbnail","hentry","category-blog1"],"jetpack_featured_media_url":"http:\/\/www.zaspancki.si\/wp\/wp-content\/uploads\/2012\/11\/IMG_0460mm.jpg","acf":[],"_links":{"self":[{"href":"http:\/\/www.zaspancki.si\/wp\/wp-json\/wp\/v2\/posts\/504","targetHints":{"allow":["GET"]}}],"collection":[{"href":"http:\/\/www.zaspancki.si\/wp\/wp-json\/wp\/v2\/posts"}],"about":[{"href":"http:\/\/www.zaspancki.si\/wp\/wp-json\/wp\/v2\/types\/post"}],"author":[{"embeddable":true,"href":"http:\/\/www.zaspancki.si\/wp\/wp-json\/wp\/v2\/users\/1"}],"replies":[{"embeddable":true,"href":"http:\/\/www.zaspancki.si\/wp\/wp-json\/wp\/v2\/comments?post=504"}],"version-history":[{"count":0,"href":"http:\/\/www.zaspancki.si\/wp\/wp-json\/wp\/v2\/posts\/504\/revisions"}],"wp:featuredmedia":[{"embeddable":true,"href":"http:\/\/www.zaspancki.si\/wp\/wp-json\/wp\/v2\/media\/502"}],"wp:attachment":[{"href":"http:\/\/www.zaspancki.si\/wp\/wp-json\/wp\/v2\/media?parent=504"}],"wp:term":[{"taxonomy":"category","embeddable":true,"href":"http:\/\/www.zaspancki.si\/wp\/wp-json\/wp\/v2\/categories?post=504"},{"taxonomy":"post_tag","embeddable":true,"href":"http:\/\/www.zaspancki.si\/wp\/wp-json\/wp\/v2\/tags?post=504"}],"curies":[{"name":"wp","href":"https:\/\/api.w.org\/{rel}","templated":true}]}}