{"id":5886,"date":"2023-03-07T09:51:39","date_gmt":"2023-03-07T07:51:39","guid":{"rendered":"http:\/\/www.zaspancki.si\/wp\/?p=5886"},"modified":"2023-03-07T09:54:04","modified_gmt":"2023-03-07T07:54:04","slug":"frnikole-za-bralno-znacko","status":"publish","type":"post","link":"http:\/\/www.zaspancki.si\/wp\/blog\/frnikole-za-bralno-znacko\/","title":{"rendered":"Frnikole za bralno zna\u010dko!"},"content":{"rendered":"<div class=\"x11i5rnm xat24cr x1mh8g0r x1vvkbs xdj266r x126k92a\">\n<div dir=\"auto\">S ponosom sporo\u010damo, da je <a class=\"x1i10hfl xjbqb8w x6umtig x1b1mbwd xaqea5y xav7gou x9f619 x1ypdohk xt0psk2 xe8uvvx xdj266r x11i5rnm xat24cr x1mh8g0r xexx8yu x4uap5 x18d9i69 xkhd6sd x16tdsg8 x1hl2dhg xggy1nq x1a2a7pz xt0b8zv x1qq9wsj xo1l8bm\" tabindex=\"0\" role=\"link\" href=\"https:\/\/www.facebook.com\/OsrednjaCelje?__cft__[0]=AZXeVAfxVLBv7l9XOXPDhNQ2EKvMDMId_aOJUrYaZ6_nto0xrzCqQlHq0Lw0hKzetSt4cdS_YGkmrV6NhTeIxb3ZTgim1yvVzTu9wdec0fl9fm8Z2tFnQz15D97er91YuOhgz5lwcyX2HrQOXARh8QBOsanToC9DvvWTyd82RVP0Y-j1QU75o42-i5uPJ7v91MrLCylpNBWZjkLFgdNSKedE&amp;__tn__=-]K-y-R\"><span class=\"xt0psk2\">Osrednja knji\u017enica Celje<\/span><\/a> uvrstila Kotale\u010de se frnikole na spisek del Celjske bralne zna\u010dke, Z branjem do zvezd, za leto 2023. <span class=\"x3nfvp2 x1j61x8r x1fcty0u xdj266r xhhsvwb xat24cr xgzva0m xxymvpz xlup9mm x1kky2od\"><img decoding=\"async\" src=\"https:\/\/static.xx.fbcdn.net\/images\/emoji.php\/v9\/t43\/1.5\/16\/1f970.png\" alt=\"\ud83e\udd70\" width=\"16\" height=\"16\" \/><\/span><\/div>\n<\/div>\n<div class=\"x11i5rnm xat24cr x1mh8g0r x1vvkbs xtlvy1s x126k92a\">\n<div dir=\"auto\">Te izjemne kratke zgodbe je zapisala<a class=\"x1i10hfl xjbqb8w x6umtig x1b1mbwd xaqea5y xav7gou x9f619 x1ypdohk xt0psk2 xe8uvvx xdj266r x11i5rnm xat24cr x1mh8g0r xexx8yu x4uap5 x18d9i69 xkhd6sd x16tdsg8 x1hl2dhg xggy1nq x1a2a7pz xt0b8zv x1qq9wsj xo1l8bm\" tabindex=\"0\" role=\"link\" href=\"https:\/\/www.facebook.com\/brihtnakura?__cft__[0]=AZXeVAfxVLBv7l9XOXPDhNQ2EKvMDMId_aOJUrYaZ6_nto0xrzCqQlHq0Lw0hKzetSt4cdS_YGkmrV6NhTeIxb3ZTgim1yvVzTu9wdec0fl9fm8Z2tFnQz15D97er91YuOhgz5lwcyX2HrQOXARh8QBOsanToC9DvvWTyd82RVP0Y-j1QU75o42-i5uPJ7v91MrLCylpNBWZjkLFgdNSKedE&amp;__tn__=-]K-y-R\"><span class=\"xt0psk2\"> Brihtna kura &#8211; samozalo\u017eba Vanja Tajn\u0161e<\/span><\/a>k, ki takole pravi o njih:<\/div>\n<\/div>\n<div class=\"x11i5rnm xat24cr x1mh8g0r x1vvkbs xtlvy1s x126k92a\">\n<div dir=\"auto\">Vsak se lahko najde v njej, saj so glavni junaki vsakdanji ljudje \u2013 jaz, ti, ona, sosed, sodelavec, prijateljica, sin \u2026 vsak nosi svojo zgodbo, svojo bole\u010dino, spomine, upanje, prepri\u010danje \u2026 Skupna nit so torej odnosi, marsikdaj skrhani.<\/div>\n<\/div>\n<div class=\"x11i5rnm xat24cr x1mh8g0r x1vvkbs xtlvy1s x126k92a\">\n<div dir=\"auto\">Zgodbe so zabavne, grenke, \u017ealostne, a tudi v slednjih posku\u0161am najti svetlo plat, tisto optimisti\u010dno, ki ogreje srce in zadovolji bralca. Tak\u0161no, kot si jo je z nekaj truda in pozitivnosti mogo\u010de narediti tudi v resni\u010dnem \u017eivljenju. <span class=\"x3nfvp2 x1j61x8r x1fcty0u xdj266r xhhsvwb xat24cr xgzva0m xxymvpz xlup9mm x1kky2od\"><img decoding=\"async\" src=\"https:\/\/static.xx.fbcdn.net\/images\/emoji.php\/v9\/tf3\/1.5\/16\/2764.png\" alt=\"\u2764\" width=\"16\" height=\"16\" \/><\/span> <span class=\"x3nfvp2 x1j61x8r x1fcty0u xdj266r xhhsvwb xat24cr xgzva0m xxymvpz xlup9mm x1kky2od\"><img decoding=\"async\" src=\"https:\/\/static.xx.fbcdn.net\/images\/emoji.php\/v9\/td8\/1.5\/16\/1f60a.png\" alt=\"\ud83d\ude0a\" width=\"16\" height=\"16\" \/><\/span><\/div>\n<\/div>\n<div class=\"x11i5rnm xat24cr x1mh8g0r x1vvkbs xtlvy1s x126k92a\">\n<div dir=\"auto\">Ve\u010d o knjigi pa izveste tukaj: <a class=\"x1i10hfl xjbqb8w x6umtig x1b1mbwd xaqea5y xav7gou x9f619 x1ypdohk xt0psk2 xe8uvvx xdj266r x11i5rnm xat24cr x1mh8g0r xexx8yu x4uap5 x18d9i69 xkhd6sd x16tdsg8 x1hl2dhg xggy1nq x1a2a7pz xt0b8zv x1fey0fg\" tabindex=\"0\" role=\"link\" href=\"https:\/\/www.primus.si\/kotalece-se-frnikole?fbclid=IwAR29ubbiEgCSSaJvWkcM-L6eonKEUQK0Y-HB04YSmH0kHRAouarUwbYpjic\" target=\"_blank\" rel=\"nofollow noopener\">https:\/\/www.primus.si\/kotalece-se-frnikole<\/a> <span class=\"x3nfvp2 x1j61x8r x1fcty0u xdj266r xhhsvwb xat24cr xgzva0m xxymvpz xlup9mm x1kky2od\"><img loading=\"lazy\" decoding=\"async\" src=\"https:\/\/static.xx.fbcdn.net\/images\/emoji.php\/v9\/tb1\/1.5\/16\/1f929.png\" alt=\"\ud83e\udd29\" width=\"16\" height=\"16\" \/><\/span><\/div>\n<div dir=\"auto\"><\/div>\n<\/div>\n","protected":false},"excerpt":{"rendered":"<p>S ponosom sporo\u010damo, da je Osrednja knji\u017enica Celje uvrstila Kotale\u010de se frnikole na spisek del Celjske bralne zna\u010dke, Z branjem do zvezd, za leto 2023. Te izjemne kratke zgodbe je zapisala Brihtna kura &#8211; samozalo\u017eba Vanja Tajn\u0161ek, ki takole pravi o njih: Vsak se lahko najde v njej, saj so glavni junaki vsakdanji ljudje \u2013 jaz, ti, ona, sosed, sodelavec, prijateljica, sin \u2026 vsak nosi svojo zgodbo, svojo bole\u010dino, spomine, upanje, prepri\u010danje \u2026 Skupna nit so torej odnosi, marsikdaj skrhani. Zgodbe so zabavne, grenke, \u017ealostne, a tudi v slednjih posku\u0161am najti svetlo plat, tisto optimisti\u010dno, ki ogreje srce in zadovolji bralca. Tak\u0161no, kot si jo je z nekaj truda in pozitivnosti mogo\u010de narediti tudi v resni\u010dnem \u017eivljenju. Ve\u010d o knjigi pa izveste tukaj: https:\/\/www.primus.si\/kotalece-se-frnikole<\/p>\n","protected":false},"author":1,"featured_media":5290,"comment_status":"open","ping_status":"closed","sticky":false,"template":"","format":"standard","meta":{"footnotes":""},"categories":[13],"tags":[],"class_list":["post-5886","post","type-post","status-publish","format-standard","has-post-thumbnail","hentry","category-blog"],"jetpack_featured_media_url":"http:\/\/www.zaspancki.si\/wp\/wp-content\/uploads\/2021\/03\/kotaleceSeFrnikole_naslovnica_m.jpg","acf":[],"_links":{"self":[{"href":"http:\/\/www.zaspancki.si\/wp\/wp-json\/wp\/v2\/posts\/5886","targetHints":{"allow":["GET"]}}],"collection":[{"href":"http:\/\/www.zaspancki.si\/wp\/wp-json\/wp\/v2\/posts"}],"about":[{"href":"http:\/\/www.zaspancki.si\/wp\/wp-json\/wp\/v2\/types\/post"}],"author":[{"embeddable":true,"href":"http:\/\/www.zaspancki.si\/wp\/wp-json\/wp\/v2\/users\/1"}],"replies":[{"embeddable":true,"href":"http:\/\/www.zaspancki.si\/wp\/wp-json\/wp\/v2\/comments?post=5886"}],"version-history":[{"count":2,"href":"http:\/\/www.zaspancki.si\/wp\/wp-json\/wp\/v2\/posts\/5886\/revisions"}],"predecessor-version":[{"id":5888,"href":"http:\/\/www.zaspancki.si\/wp\/wp-json\/wp\/v2\/posts\/5886\/revisions\/5888"}],"wp:featuredmedia":[{"embeddable":true,"href":"http:\/\/www.zaspancki.si\/wp\/wp-json\/wp\/v2\/media\/5290"}],"wp:attachment":[{"href":"http:\/\/www.zaspancki.si\/wp\/wp-json\/wp\/v2\/media?parent=5886"}],"wp:term":[{"taxonomy":"category","embeddable":true,"href":"http:\/\/www.zaspancki.si\/wp\/wp-json\/wp\/v2\/categories?post=5886"},{"taxonomy":"post_tag","embeddable":true,"href":"http:\/\/www.zaspancki.si\/wp\/wp-json\/wp\/v2\/tags?post=5886"}],"curies":[{"name":"wp","href":"https:\/\/api.w.org\/{rel}","templated":true}]}}